{"id":171,"date":"2024-09-06T16:18:42","date_gmt":"2024-09-06T14:18:42","guid":{"rendered":"https:\/\/snudifo69.com\/?p=171"},"modified":"2024-09-06T16:20:04","modified_gmt":"2024-09-06T14:20:04","slug":"nomination-de-michel-barnier-le-coup-de-force-se-poursuit-plus-que-jamais-mobilisation-pour-les-revendications","status":"publish","type":"post","link":"https:\/\/snudifo69.com\/index.php\/2024\/09\/06\/nomination-de-michel-barnier-le-coup-de-force-se-poursuit-plus-que-jamais-mobilisation-pour-les-revendications\/","title":{"rendered":"Nomination de Michel Barnier : le coup de force se poursuit ! Plus que jamais : mobilisation pour les revendications !"},"content":{"rendered":"\n<p>Le jeudi 5 septembre 2024, le pr\u00e9sident Macron a d\u00e9cid\u00e9 de nommer Michel Barnier Premier ministre.<br>Plusieurs fois ministre et commissaire europ\u00e9en, il est un fervent partisan des politiques de rigueur et de privatisation. Il consid\u00e8re ainsi qu\u2019\u00e0 l\u2019Education nationale, \u00ab les fonctions support et l\u2019administration sont plus lourdes chez nous que partout ailleurs \u00bb. Autrement dit, il faut d\u00e9graisser ! <\/p>\n\n\n\n<div data-wp-interactive=\"core\/file\" class=\"wp-block-file\"><object data-wp-bind--hidden=\"!state.hasPdfPreview\" hidden class=\"wp-block-file__embed\" data=\"https:\/\/snudifo69.com\/wp-content\/uploads\/2024\/09\/24-09-05-Communique-FNEC-nomination-de-M-Barnier.pdf\" type=\"application\/pdf\" style=\"width:100%;height:600px\" aria-label=\"Contenu embarqu\u00e9 24 09 05 - Communiqu\u00e9 FNEC nomination de M Barnier.\"><\/object><a id=\"wp-block-file--media-9da2bf63-c731-4d38-8145-5343c07238c8\" href=\"https:\/\/snudifo69.com\/wp-content\/uploads\/2024\/09\/24-09-05-Communique-FNEC-nomination-de-M-Barnier.pdf\">24 09 05 &#8211; Communiqu\u00e9 FNEC nomination de M Barnier<\/a><a href=\"https:\/\/snudifo69.com\/wp-content\/uploads\/2024\/09\/24-09-05-Communique-FNEC-nomination-de-M-Barnier.pdf\" class=\"wp-block-file__button wp-element-button\" download aria-describedby=\"wp-block-file--media-9da2bf63-c731-4d38-8145-5343c07238c8\">T\u00e9l\u00e9charger<\/a><\/div>\n","protected":false},"excerpt":{"rendered":"<div class=\"mh-excerpt\">Le jeudi 5 septembre 2024, le pr\u00e9sident Macron a d\u00e9cid\u00e9 de nommer Michel Barnier Premier ministre.Plusieurs fois ministre et commissaire europ\u00e9en, il est un fervent partisan des politiques de rigueur et de privatisation. Il consid\u00e8re <a class=\"mh-excerpt-more\" href=\"https:\/\/snudifo69.com\/index.php\/2024\/09\/06\/nomination-de-michel-barnier-le-coup-de-force-se-poursuit-plus-que-jamais-mobilisation-pour-les-revendications\/\" title=\"Nomination de Michel Barnier : le coup de force se poursuit ! Plus que jamais : mobilisation pour les revendications !\">[&#8230;]<\/a><\/div>\n","protected":false},"author":1,"featured_media":73,"comment_status":"closed","ping_status":"closed","sticky":false,"template":"","format":"standard","meta":{"cybocfi_hide_featured_image":"yes","footnotes":""},"categories":[32,1],"tags":[],"class_list":{"0":"post-171","1":"post","2":"type-post","3":"status-publish","4":"format-standard","5":"has-post-thumbnail","7":"category-communique-national","8":"category-non-classe"},"_links":{"self":[{"href":"https:\/\/snudifo69.com\/index.php\/wp-json\/wp\/v2\/posts\/171","targetHints":{"allow":["GET"]}}],"collection":[{"href":"https:\/\/snudifo69.com\/index.php\/wp-json\/wp\/v2\/posts"}],"about":[{"href":"https:\/\/snudifo69.com\/index.php\/wp-json\/wp\/v2\/types\/post"}],"author":[{"embeddable":true,"href":"https:\/\/snudifo69.com\/index.php\/wp-json\/wp\/v2\/users\/1"}],"replies":[{"embeddable":true,"href":"https:\/\/snudifo69.com\/index.php\/wp-json\/wp\/v2\/comments?post=171"}],"version-history":[{"count":2,"href":"https:\/\/snudifo69.com\/index.php\/wp-json\/wp\/v2\/posts\/171\/revisions"}],"predecessor-version":[{"id":174,"href":"https:\/\/snudifo69.com\/index.php\/wp-json\/wp\/v2\/posts\/171\/revisions\/174"}],"wp:featuredmedia":[{"embeddable":true,"href":"https:\/\/snudifo69.com\/index.php\/wp-json\/wp\/v2\/media\/73"}],"wp:attachment":[{"href":"https:\/\/snudifo69.com\/index.php\/wp-json\/wp\/v2\/media?parent=171"}],"wp:term":[{"taxonomy":"category","embeddable":true,"href":"https:\/\/snudifo69.com\/index.php\/wp-json\/wp\/v2\/categories?post=171"},{"taxonomy":"post_tag","embeddable":true,"href":"https:\/\/snudifo69.com\/index.php\/wp-json\/wp\/v2\/tags?post=171"}],"curies":[{"name":"wp","href":"https:\/\/api.w.org\/{rel}","templated":true}]}}